{"id":6297,"date":"2025-07-16T10:23:50","date_gmt":"2025-07-16T10:23:50","guid":{"rendered":"https:\/\/www.construcciotarragones.org\/?p=6297"},"modified":"2025-07-16T10:25:21","modified_gmt":"2025-07-16T10:25:21","slug":"el-ministerio-de-vivienda-y-la-fundacion-laboral-firman-un-protocolo-para-atraer-talento-y-hacer-frente-a-los-retos-en-materia-de-vivienda","status":"publish","type":"post","link":"https:\/\/www.construcciotarragones.org\/es\/el-ministerio-de-vivienda-y-la-fundacion-laboral-firman-un-protocolo-para-atraer-talento-y-hacer-frente-a-los-retos-en-materia-de-vivienda\/","title":{"rendered":"El Ministerio de Vivienda y la Fundaci\u00f3n Laboral firman un protocolo para atraer talento y hacer frente a los retos en materia de vivienda"},"content":{"rendered":"<p style=\"text-align: center;\"><img decoding=\"async\" class=\"lazyload alignnone size-full wp-image-6295\" src=\"https:\/\/www.construcciotarragones.org\/wp-content\/uploads\/ARCH6862657ec6162.jpeg\" data-orig-src=\"https:\/\/www.construcciotarragones.org\/wp-content\/uploads\/ARCH6862657ec6162.jpeg\" alt=\"\" width=\"853\" height=\"480\" srcset=\"data:image\/svg+xml,%3Csvg%20xmlns%3D%27http%3A%2F%2Fwww.w3.org%2F2000%2Fsvg%27%20width%3D%27853%27%20height%3D%27480%27%20viewBox%3D%270%200%20853%20480%27%3E%3Crect%20width%3D%27853%27%20height%3D%27480%27%20fill-opacity%3D%220%22%2F%3E%3C%2Fsvg%3E\" data-srcset=\"https:\/\/www.construcciotarragones.org\/wp-content\/uploads\/ARCH6862657ec6162-200x113.jpeg 200w, https:\/\/www.construcciotarragones.org\/wp-content\/uploads\/ARCH6862657ec6162-300x169.jpeg 300w, https:\/\/www.construcciotarragones.org\/wp-content\/uploads\/ARCH6862657ec6162-400x225.jpeg 400w, https:\/\/www.construcciotarragones.org\/wp-content\/uploads\/ARCH6862657ec6162-600x338.jpeg 600w, https:\/\/www.construcciotarragones.org\/wp-content\/uploads\/ARCH6862657ec6162-768x432.jpeg 768w, https:\/\/www.construcciotarragones.org\/wp-content\/uploads\/ARCH6862657ec6162-800x450.jpeg 800w, https:\/\/www.construcciotarragones.org\/wp-content\/uploads\/ARCH6862657ec6162.jpeg 853w\" data-sizes=\"auto\" data-orig-sizes=\"(max-width: 853px) 100vw, 853px\" \/><\/p>\n<p>El Ministerio de\u00a0<a href=\"https:\/\/www.mivau.gob.es\/el-ministerio\/sala-de-prensa\" target=\"_blank\" rel=\"noopener\">Vivienda y Agenda Urbana<\/a>\u00a0y la Fundaci\u00f3n Laboral de la Construcci\u00f3n han firmado, en la sede del Ministerio, un protocolo de colaboraci\u00f3n para fomentar el acceso de profesionales al mercado laboral del sector que vive una acentuada escasez de perfiles cualificados para hacer frente a los retos de la edificaci\u00f3n en Espa\u00f1a. Este acuerdo permitir\u00e1 a ambas entidades reforzar su cooperaci\u00f3n en materia de formaci\u00f3n, cualificaci\u00f3n profesional, prevenci\u00f3n e innovaci\u00f3n, con especial atenci\u00f3n a los colectivos menos representados en el sector como son j\u00f3venes, mujeres y personas del \u00e1mbito rural.<\/p>\n<p>El acto de firma, ocurrido el 30 de junio,\u00a0ha contado con la presencia de la ministra de Vivienda y Agenda Urbana, Isabel Rodr\u00edguez; del secretario de Estado de Vivienda y Agenda Urbana, David Lucas, y de la subsecretaria de Vivienda y Agenda Urbana, Llanos Castellanos. Por parte de la FLC, han estado presentes, el presidente de la Fundaci\u00f3n Laboral de la Construcci\u00f3n y de la Confederaci\u00f3n Nacional de la Construcci\u00f3n (<a href=\"http:\/\/cnc.es\/\" target=\"_blank\" rel=\"noopener\">CNC<\/a>), Pedro Fern\u00e1ndez Al\u00e9n; el vicepresidente de la Fundaci\u00f3n Laboral de la Construcci\u00f3n y secretario general de CCOO del H\u00e1bitat, Daniel Barrag\u00e1n; el vicepresidente de la Fundaci\u00f3n Laboral de la Construcci\u00f3n y secretario general de UGT FICA, Mariano Hoya, y el director general de la entidad paritaria del sector, Julio Gil.<\/p>\n<p>El protocolo parte del reconocimiento com\u00fan de la necesidad urgente de incrementar la oferta de vivienda en Espa\u00f1a, tanto a trav\u00e9s de obra nueva como mediante la rehabilitaci\u00f3n del parque existente, en l\u00ednea con los objetivos del Plan Nacional Integrado de Energ\u00eda y Clima. \u201cEsta transformaci\u00f3n solo ser\u00e1 posible mediante un sector de la construcci\u00f3n debidamente dimensionado y con personal debidamente cualificado y capacitado especialmente en actividades de rehabilitaci\u00f3n y en nuevas formas de construcci\u00f3n industrializada\u201d.<\/p>\n<p>Seg\u00fan recoge el documento firmado, desde el Ministerio de Vivienda existe la voluntad de impulsar pol\u00edticas activas de fomento y comunicaci\u00f3n para la atracci\u00f3n masiva de talento al sector, facilitando el acceso al empleo a mujeres, j\u00f3venes y personas del entorno rural, entre otros colectivos. La Fundaci\u00f3n Laboral, por su parte, pone a disposici\u00f3n su experiencia en formaci\u00f3n, prevenci\u00f3n y promoci\u00f3n del empleo, as\u00ed como su capacidad para desplegar campa\u00f1as de sensibilizaci\u00f3n y orientaci\u00f3n laboral.<\/p>\n<p>Asimismo, se establece el marco para futuras actuaciones conjuntas que incluir\u00e1n acciones de formaci\u00f3n, difusi\u00f3n y financiaci\u00f3n orientadas a mejorar la empleabilidad en el sector, promoviendo la incorporaci\u00f3n de nuevos perfiles profesionales y apoyando una transici\u00f3n justa hacia un modelo constructivo m\u00e1s sostenible e innovador.<\/p>\n<p>Este protocolo refuerza el compromiso compartido entre el Ministerio de Vivienda y los principales agentes del sector de la construcci\u00f3n con la mejora de la empleabilidad, la capacitaci\u00f3n profesional y la cohesi\u00f3n social a trav\u00e9s del acceso al empleo en el sector de la construcci\u00f3n, pieza clave para el desarrollo econ\u00f3mico y social del pa\u00eds.<\/p>\n<p>\u201cSon necesarios importantes esfuerzos colectivos para volver a dotar de recursos el subsector residencial, superando la situaci\u00f3n derivada de la crisis inmobiliaria y logrando dimensionar adecuadamente un \u00e1rea tan importante y fundamental de nuestra econom\u00eda. S\u00f3lo as\u00ed podr\u00e1 afrontarse el reto que actualmente vive la sociedad espa\u00f1ola en materia de vivienda\u201d, concluye el protocolo firmado entre el Gobierno y la Fundaci\u00f3n Laboral de la Construcci\u00f3n.<\/p>\n","protected":false},"excerpt":{"rendered":"<p>La colaboraci\u00f3n p\u00fablico-privada busca fomentar la formaci\u00f3n, capacitaci\u00f3n y empleabilidad de nuevos perfiles profesionales en materia de rehabilitaci\u00f3n y construcci\u00f3n industrializada<\/p>\n","protected":false},"author":1,"featured_media":6295,"comment_status":"closed","ping_status":"closed","sticky":false,"template":"","format":"standard","meta":{"footnotes":""},"categories":[1],"tags":[],"class_list":["post-6297","post","type-post","status-publish","format-standard","has-post-thumbnail","hentry","category-gremi"],"_links":{"self":[{"href":"https:\/\/www.construcciotarragones.org\/es\/wp-json\/wp\/v2\/posts\/6297","targetHints":{"allow":["GET"]}}],"collection":[{"href":"https:\/\/www.construcciotarragones.org\/es\/wp-json\/wp\/v2\/posts"}],"about":[{"href":"https:\/\/www.construcciotarragones.org\/es\/wp-json\/wp\/v2\/types\/post"}],"author":[{"embeddable":true,"href":"https:\/\/www.construcciotarragones.org\/es\/wp-json\/wp\/v2\/users\/1"}],"replies":[{"embeddable":true,"href":"https:\/\/www.construcciotarragones.org\/es\/wp-json\/wp\/v2\/comments?post=6297"}],"version-history":[{"count":1,"href":"https:\/\/www.construcciotarragones.org\/es\/wp-json\/wp\/v2\/posts\/6297\/revisions"}],"predecessor-version":[{"id":6298,"href":"https:\/\/www.construcciotarragones.org\/es\/wp-json\/wp\/v2\/posts\/6297\/revisions\/6298"}],"wp:featuredmedia":[{"embeddable":true,"href":"https:\/\/www.construcciotarragones.org\/es\/wp-json\/wp\/v2\/media\/6295"}],"wp:attachment":[{"href":"https:\/\/www.construcciotarragones.org\/es\/wp-json\/wp\/v2\/media?parent=6297"}],"wp:term":[{"taxonomy":"category","embeddable":true,"href":"https:\/\/www.construcciotarragones.org\/es\/wp-json\/wp\/v2\/categories?post=6297"},{"taxonomy":"post_tag","embeddable":true,"href":"https:\/\/www.construcciotarragones.org\/es\/wp-json\/wp\/v2\/tags?post=6297"}],"curies":[{"name":"wp","href":"https:\/\/api.w.org\/{rel}","templated":true}]}}