{"id":6284,"date":"2025-07-01T10:43:34","date_gmt":"2025-07-01T10:43:34","guid":{"rendered":"https:\/\/www.construcciotarragones.org\/?p=6284"},"modified":"2025-07-01T10:43:41","modified_gmt":"2025-07-01T10:43:41","slug":"la-fundacion-laboral-impulsa-la-inclusion-de-personas-refugiadas-en-la-construccion-a-traves-del-proyecto-welcome-work","status":"publish","type":"post","link":"https:\/\/www.construcciotarragones.org\/es\/la-fundacion-laboral-impulsa-la-inclusion-de-personas-refugiadas-en-la-construccion-a-traves-del-proyecto-welcome-work\/","title":{"rendered":"La Fundaci\u00f3n Laboral impulsa la inclusi\u00f3n de personas refugiadas en la construcci\u00f3n a trav\u00e9s del proyecto \u2018Welcome Work\u2019"},"content":{"rendered":"<p style=\"text-align: center;\"><img decoding=\"async\" class=\"lazyload alignnone size-full wp-image-6282\" src=\"https:\/\/www.construcciotarragones.org\/wp-content\/uploads\/ARCH6849583a9d0f6.jpeg\" data-orig-src=\"https:\/\/www.construcciotarragones.org\/wp-content\/uploads\/ARCH6849583a9d0f6.jpeg\" alt=\"\" width=\"853\" height=\"480\" srcset=\"data:image\/svg+xml,%3Csvg%20xmlns%3D%27http%3A%2F%2Fwww.w3.org%2F2000%2Fsvg%27%20width%3D%27853%27%20height%3D%27480%27%20viewBox%3D%270%200%20853%20480%27%3E%3Crect%20width%3D%27853%27%20height%3D%27480%27%20fill-opacity%3D%220%22%2F%3E%3C%2Fsvg%3E\" data-srcset=\"https:\/\/www.construcciotarragones.org\/wp-content\/uploads\/ARCH6849583a9d0f6-200x113.jpeg 200w, https:\/\/www.construcciotarragones.org\/wp-content\/uploads\/ARCH6849583a9d0f6-300x169.jpeg 300w, https:\/\/www.construcciotarragones.org\/wp-content\/uploads\/ARCH6849583a9d0f6-400x225.jpeg 400w, https:\/\/www.construcciotarragones.org\/wp-content\/uploads\/ARCH6849583a9d0f6-600x338.jpeg 600w, https:\/\/www.construcciotarragones.org\/wp-content\/uploads\/ARCH6849583a9d0f6-768x432.jpeg 768w, https:\/\/www.construcciotarragones.org\/wp-content\/uploads\/ARCH6849583a9d0f6-800x450.jpeg 800w, https:\/\/www.construcciotarragones.org\/wp-content\/uploads\/ARCH6849583a9d0f6.jpeg 853w\" data-sizes=\"auto\" data-orig-sizes=\"(max-width: 853px) 100vw, 853px\" \/><\/p>\n<p>La Fundaci\u00f3n Laboral de la Construcci\u00f3n ha participado en la reuni\u00f3n transnacional del proyecto \u2018<a href=\"https:\/\/www.fundacionlaboral.org\/proyectos\/formacion\/recursos-didacticos\/welcome-work-2024-2025-programa-erasmus\" target=\"_blank\" rel=\"noopener\">Welcome Work<\/a>\u2019, cofinanciado por el programa\u00a0<a href=\"https:\/\/erasmus-plus.ec.europa.eu\/es\" target=\"_blank\" rel=\"noopener\"><em>Erasmus+<\/em><\/a>\u00a0de la Uni\u00f3n Europea, que tuvo lugar del 5 al 6 de junio en Leitrim, Irlanda. El objetivo del encuentro fue coordinar los pr\u00f3ximos pasos para fomentar la inclusi\u00f3n de personas refugiadas en el sector de la construcci\u00f3n.<\/p>\n<p>Durante la reuni\u00f3n, se debati\u00f3 acerca del enfoque que va a tener el Programa de Formaci\u00f3n<em>\u00a0Online<\/em>\u00a0destinado a facilitar la integraci\u00f3n laboral as\u00ed como la adaptaci\u00f3n ling\u00fc\u00edstica y cultural de las personas refugiadas. Esta herramienta incluir\u00e1 temas tan importantes como el conocimiento b\u00e1sico de sus derechos laborales, las oportunidades de empleo en el sector de la construcci\u00f3n, el reconocimiento y la acreditaci\u00f3n de sus competencias, la formaci\u00f3n y el desarrollo de nuevas habilidades, la b\u00fasqueda de empleo y la preparaci\u00f3n para los procesos de selecci\u00f3n, la comprensi\u00f3n del lenguaje utilizado en el sector, as\u00ed como aspectos clave para trabajar y vivir en su nuevo pa\u00eds.<\/p>\n<p><strong>Resultados y recursos ya disponibles<\/strong><\/p>\n<p>Entre los logros alcanzados hasta la fecha, se present\u00f3 el \u2018<a href=\"https:\/\/welcomeworkproject.eu\/starter-kit-es\/\" target=\"_blank\" rel=\"noopener\">Kit de iniciaci\u00f3n para la inclusi\u00f3n de las personas refugiadas<\/a>\u2019, que es un recurso digital gratuito elaborado para apoyar la integraci\u00f3n de las personas refugiadas en la construcci\u00f3n. Este material ofrece herramientas pr\u00e1cticas, ejemplos reales y orientaciones dirigidas a los centros de Formaci\u00f3n Profesional.<\/p>\n<p>En segundo lugar, se comparti\u00f3 otro de los resultados, el \u2018<a href=\"https:\/\/welcomeworkproject.eu\/good-practice-compendium\/\" target=\"_blank\" rel=\"noopener\">Compendio de buenas pr\u00e1cticas para la contrataci\u00f3n e inclusi\u00f3n de personas refugiadas<\/a>\u2019, dirigido a las empresas del sector. Este recurso incluye art\u00edculos, casos de buenas pr\u00e1cticas de los pa\u00edses que participan en la iniciativa y una gu\u00eda para seguir paso a paso con el fin de facilitar el proceso de inclusi\u00f3n laboral en el sector.<\/p>\n<p><strong>Una iniciativa europea para dar respuesta a dos grandes desaf\u00edos<\/strong><\/p>\n<p>El proyecto \u2018<em>Welcome Work<\/em>\u2019, coordinado por\u00a0<a href=\"https:\/\/karieraplus.com\/\" target=\"_blank\" rel=\"noopener\">Career Plus<\/a>\u00a0de Polonia, re\u00fane a seis entidades de cinco pa\u00edses europeos, concretamente: Dinamarca, Espa\u00f1a, Francia, Irlanda y Polonia. El consorcio tiene hasta marzo de 2026 para impulsar la inclusi\u00f3n de las personas refugiadas en la construcci\u00f3n, un sector que actualmente enfrenta una escasez de fuerza laboral cualificada.<\/p>\n<p>\u2018<em>Welcome Work<\/em>\u2019 surge para abordar un doble desaf\u00edo. Por un lado, el reto que deben enfrentar los pa\u00edses europeos debido a la gran afluencia de personas refugiadas a causa del conflicto entre Rusia y Ucrania. Y, por otro lado, la necesidad de profesionales cualificados por parte del sector de la construcci\u00f3n en Europa.<\/p>\n<p>Para tratar estos retos, esta iniciativa europea tiene como objetivo facilitar el acceso de las personas refugiadas al sector. Asimismo, pretende capacitar a los\/las futuros\/as profesionales de la construcci\u00f3n para favorecer ambientes laborales inclusivos.<\/p>\n","protected":false},"excerpt":{"rendered":"<p>La entidad paritaria ha participado en la reuni\u00f3n transnacional del proyecto Erasmus+, \u2018Welcome Work\u2019, organizada para abordar la inclusi\u00f3n de las personas refugiadas en el sector de la construcci\u00f3n<\/p>\n","protected":false},"author":1,"featured_media":6282,"comment_status":"closed","ping_status":"closed","sticky":false,"template":"","format":"standard","meta":{"footnotes":""},"categories":[1],"tags":[],"class_list":["post-6284","post","type-post","status-publish","format-standard","has-post-thumbnail","hentry","category-gremi"],"_links":{"self":[{"href":"https:\/\/www.construcciotarragones.org\/es\/wp-json\/wp\/v2\/posts\/6284","targetHints":{"allow":["GET"]}}],"collection":[{"href":"https:\/\/www.construcciotarragones.org\/es\/wp-json\/wp\/v2\/posts"}],"about":[{"href":"https:\/\/www.construcciotarragones.org\/es\/wp-json\/wp\/v2\/types\/post"}],"author":[{"embeddable":true,"href":"https:\/\/www.construcciotarragones.org\/es\/wp-json\/wp\/v2\/users\/1"}],"replies":[{"embeddable":true,"href":"https:\/\/www.construcciotarragones.org\/es\/wp-json\/wp\/v2\/comments?post=6284"}],"version-history":[{"count":1,"href":"https:\/\/www.construcciotarragones.org\/es\/wp-json\/wp\/v2\/posts\/6284\/revisions"}],"predecessor-version":[{"id":6285,"href":"https:\/\/www.construcciotarragones.org\/es\/wp-json\/wp\/v2\/posts\/6284\/revisions\/6285"}],"wp:featuredmedia":[{"embeddable":true,"href":"https:\/\/www.construcciotarragones.org\/es\/wp-json\/wp\/v2\/media\/6282"}],"wp:attachment":[{"href":"https:\/\/www.construcciotarragones.org\/es\/wp-json\/wp\/v2\/media?parent=6284"}],"wp:term":[{"taxonomy":"category","embeddable":true,"href":"https:\/\/www.construcciotarragones.org\/es\/wp-json\/wp\/v2\/categories?post=6284"},{"taxonomy":"post_tag","embeddable":true,"href":"https:\/\/www.construcciotarragones.org\/es\/wp-json\/wp\/v2\/tags?post=6284"}],"curies":[{"name":"wp","href":"https:\/\/api.w.org\/{rel}","templated":true}]}}