{"id":6276,"date":"2025-06-20T10:22:54","date_gmt":"2025-06-20T10:22:54","guid":{"rendered":"https:\/\/www.construcciotarragones.org\/?p=6276"},"modified":"2025-06-20T10:23:00","modified_gmt":"2025-06-20T10:23:00","slug":"victimas-del-amianto-van-a-cobrar-una-compensacion-de-32-000-a-96-000-euros","status":"publish","type":"post","link":"https:\/\/www.construcciotarragones.org\/es\/victimas-del-amianto-van-a-cobrar-una-compensacion-de-32-000-a-96-000-euros\/","title":{"rendered":"V\u00edctimas del amianto van a cobrar una compensaci\u00f3n de 32.000 a 96.000 euros"},"content":{"rendered":"<p style=\"text-align: center;\"><img decoding=\"async\" class=\"lazyload alignnone size-full wp-image-6272\" src=\"https:\/\/www.construcciotarragones.org\/wp-content\/uploads\/amianto-2@2x.jpg\" data-orig-src=\"https:\/\/www.construcciotarragones.org\/wp-content\/uploads\/amianto-2@2x.jpg\" alt=\"\" width=\"625\" height=\"469\" srcset=\"data:image\/svg+xml,%3Csvg%20xmlns%3D%27http%3A%2F%2Fwww.w3.org%2F2000%2Fsvg%27%20width%3D%27625%27%20height%3D%27469%27%20viewBox%3D%270%200%20625%20469%27%3E%3Crect%20width%3D%27625%27%20height%3D%27469%27%20fill-opacity%3D%220%22%2F%3E%3C%2Fsvg%3E\" data-srcset=\"https:\/\/www.construcciotarragones.org\/wp-content\/uploads\/amianto-2@2x-200x150.jpg 200w, https:\/\/www.construcciotarragones.org\/wp-content\/uploads\/amianto-2@2x-300x225.jpg 300w, https:\/\/www.construcciotarragones.org\/wp-content\/uploads\/amianto-2@2x-400x300.jpg 400w, https:\/\/www.construcciotarragones.org\/wp-content\/uploads\/amianto-2@2x-600x450.jpg 600w, https:\/\/www.construcciotarragones.org\/wp-content\/uploads\/amianto-2@2x.jpg 625w\" data-sizes=\"auto\" data-orig-sizes=\"(max-width: 625px) 100vw, 625px\" \/><\/p>\n<p>El Consejo de Ministros aprob\u00f3 ayer el procedimiento que permitir\u00e1 empezar a indemnizar a los miles de espa\u00f1oles que han desarrollado grav\u00edsimas enfermedades como consecuencia de su exposici\u00f3n durante a\u00f1os al amianto. El real decreto, que llega tres a\u00f1os despu\u00e9s de que se crease por ley el fondo que daba derecho a estas compensaciones, estar\u00e1 en vigor en tres meses.<\/p>\n<p>Este reglamento recoge que las personas que sean acreditadas como beneficiarios, o los herederos de sus derechos, recibir\u00e1n en un solo pago una ayuda de entre 32.207 y 96.621 euros, seg\u00fan la gravedad que les haya causado \u00e9ste producto t\u00f3xico, normalmente por su contacto laboral prolongado, pero en ocasiones tambi\u00e9n por aspiraciones en el domicilio o a trav\u00e9s de la contaminaci\u00f3n ambiental.<\/p>\n<p>Se considerar\u00e1 beneficiarios a todos los que tengan reconocida una pensi\u00f3n de incapacidad permanente derivada de enfermedad profesional por el amianto,\u00a0 a los que tengan derecho al cobro de indemnizaci\u00f3n judicial y no la hayan recibido por completo y a los que no est\u00e9n en los casos anteriores pero tengan diagnosticados tres tipos de c\u00e1nceres (mesotelioma, de pulm\u00f3n o laringe) o asbestosis con repercusi\u00f3n funcional moderada o severa causados por los minerales t\u00f3xicos.<\/p>\n<p>Los candidatos a la ayuda deber\u00e1n lograr en sus consejer\u00edas de Sanidad un certificado del diagn\u00f3stico de las citadas patolog\u00edas, tras lo que podr\u00e1n solicitar la compensaci\u00f3n a la Tesorer\u00eda del Instituto Nacional de Seguridad Social. Si no les contestan en seis meses, se lo habr\u00e1n denegado.<\/p>\n<p>La cuant\u00eda tiene como base la media anual de la pensi\u00f3n de incapacidad permanente, que se multiplicar\u00e1 seg\u00fan la enfermedad. La asbestosis dar\u00e1 derecho a un pago de 32.207 euros; el c\u00e1ncer de laringe a 48.310; el c\u00e1ncer de pulm\u00f3n a 64.414; y el mesotelioma, a 96.621 euros. Si sufren varias patolog\u00edas se indemnizar\u00e1 por la de mayor gravedad.<\/p>\n<p>Reus es la cuarta ciudad de Catalunya con m\u00e1s cubiertas de amianto pendientes de retirada, con la nueva ley que obligar\u00e1 a su eliminaci\u00f3n a punto de ser aprobada por el Parlament, ya que este mineral supone una amenaza para la salud p\u00fablica.<\/p>\n<p>Seg\u00fan datos del Colegio Oficial de la Arquitectura T\u00e9cnica de Tarragona (COATT), la capital del Baix Camp acumula 1.273 cubiertas afectadas, el doble que Tarragona, con 634. A nivel catal\u00e1n, s\u00f3lo Barcelona, Lleida y Sabadell superan esa cifra.<\/p>\n<p>En el Camp de Tarragona, detr\u00e1s de Reus, hay municipios como Tortosa (1.141 cubiertas), Valls (636) y Riudoms (560). En total, la demarcaci\u00f3n acumula cerca de 6.000 cubiertas con amianto. El estudio del COATT, elaborado mediante drones, permiti\u00f3 identificar con precisi\u00f3n las cubiertas afectadas, que se concentran principalmente en naves industriales, almacenes agr\u00edcolas y zonas comunitarias de edificios construidos entre los a\u00f1os 1950 y 1990, una \u00e9poca en la que el uso de fibrocemento con amianto era habitual.<\/p>\n","protected":false},"excerpt":{"rendered":"<p>El Gobierno aprueba el real decreto que permite iniciar los pagos, cuya cuant\u00eda tendr\u00e1 una relaci\u00f3n directa con la gravedad provocada<\/p>\n","protected":false},"author":1,"featured_media":6272,"comment_status":"closed","ping_status":"closed","sticky":false,"template":"","format":"standard","meta":{"footnotes":""},"categories":[1],"tags":[],"class_list":["post-6276","post","type-post","status-publish","format-standard","has-post-thumbnail","hentry","category-gremi"],"_links":{"self":[{"href":"https:\/\/www.construcciotarragones.org\/es\/wp-json\/wp\/v2\/posts\/6276","targetHints":{"allow":["GET"]}}],"collection":[{"href":"https:\/\/www.construcciotarragones.org\/es\/wp-json\/wp\/v2\/posts"}],"about":[{"href":"https:\/\/www.construcciotarragones.org\/es\/wp-json\/wp\/v2\/types\/post"}],"author":[{"embeddable":true,"href":"https:\/\/www.construcciotarragones.org\/es\/wp-json\/wp\/v2\/users\/1"}],"replies":[{"embeddable":true,"href":"https:\/\/www.construcciotarragones.org\/es\/wp-json\/wp\/v2\/comments?post=6276"}],"version-history":[{"count":1,"href":"https:\/\/www.construcciotarragones.org\/es\/wp-json\/wp\/v2\/posts\/6276\/revisions"}],"predecessor-version":[{"id":6277,"href":"https:\/\/www.construcciotarragones.org\/es\/wp-json\/wp\/v2\/posts\/6276\/revisions\/6277"}],"wp:featuredmedia":[{"embeddable":true,"href":"https:\/\/www.construcciotarragones.org\/es\/wp-json\/wp\/v2\/media\/6272"}],"wp:attachment":[{"href":"https:\/\/www.construcciotarragones.org\/es\/wp-json\/wp\/v2\/media?parent=6276"}],"wp:term":[{"taxonomy":"category","embeddable":true,"href":"https:\/\/www.construcciotarragones.org\/es\/wp-json\/wp\/v2\/categories?post=6276"},{"taxonomy":"post_tag","embeddable":true,"href":"https:\/\/www.construcciotarragones.org\/es\/wp-json\/wp\/v2\/tags?post=6276"}],"curies":[{"name":"wp","href":"https:\/\/api.w.org\/{rel}","templated":true}]}}