{"id":6162,"date":"2025-04-10T09:37:37","date_gmt":"2025-04-10T09:37:37","guid":{"rendered":"https:\/\/www.construcciotarragones.org\/?p=6162"},"modified":"2025-04-10T09:37:46","modified_gmt":"2025-04-10T09:37:46","slug":"formacion-y-reconocimiento-social-las-claves-para-resolver-la-falta-de-profesionales-en-el-sector-de-la-construccion","status":"publish","type":"post","link":"https:\/\/www.construcciotarragones.org\/es\/formacion-y-reconocimiento-social-las-claves-para-resolver-la-falta-de-profesionales-en-el-sector-de-la-construccion\/","title":{"rendered":"Formaci\u00f3n y reconocimiento social, las claves para resolver la falta de profesionales en el sector de la construcci\u00f3n"},"content":{"rendered":"<p style=\"text-align: center;\"><img decoding=\"async\" class=\"lazyload alignnone size-full wp-image-6160\" src=\"https:\/\/www.construcciotarragones.org\/wp-content\/uploads\/Jornada-Tecnica_030425-2-002-scaled.jpeg\" data-orig-src=\"https:\/\/www.construcciotarragones.org\/wp-content\/uploads\/Jornada-Tecnica_030425-2-002-scaled.jpeg\" alt=\"\" width=\"2560\" height=\"1695\" srcset=\"data:image\/svg+xml,%3Csvg%20xmlns%3D%27http%3A%2F%2Fwww.w3.org%2F2000%2Fsvg%27%20width%3D%272560%27%20height%3D%271695%27%20viewBox%3D%270%200%202560%201695%27%3E%3Crect%20width%3D%272560%27%20height%3D%271695%27%20fill-opacity%3D%220%22%2F%3E%3C%2Fsvg%3E\" data-srcset=\"https:\/\/www.construcciotarragones.org\/wp-content\/uploads\/Jornada-Tecnica_030425-2-002-200x132.jpeg 200w, https:\/\/www.construcciotarragones.org\/wp-content\/uploads\/Jornada-Tecnica_030425-2-002-300x199.jpeg 300w, https:\/\/www.construcciotarragones.org\/wp-content\/uploads\/Jornada-Tecnica_030425-2-002-400x265.jpeg 400w, https:\/\/www.construcciotarragones.org\/wp-content\/uploads\/Jornada-Tecnica_030425-2-002-600x397.jpeg 600w, https:\/\/www.construcciotarragones.org\/wp-content\/uploads\/Jornada-Tecnica_030425-2-002-768x509.jpeg 768w, https:\/\/www.construcciotarragones.org\/wp-content\/uploads\/Jornada-Tecnica_030425-2-002-800x530.jpeg 800w, https:\/\/www.construcciotarragones.org\/wp-content\/uploads\/Jornada-Tecnica_030425-2-002-1024x678.jpeg 1024w, https:\/\/www.construcciotarragones.org\/wp-content\/uploads\/Jornada-Tecnica_030425-2-002-1200x795.jpeg 1200w, https:\/\/www.construcciotarragones.org\/wp-content\/uploads\/Jornada-Tecnica_030425-2-002-1536x1017.jpeg 1536w, https:\/\/www.construcciotarragones.org\/wp-content\/uploads\/Jornada-Tecnica_030425-2-002-scaled.jpeg 2560w\" data-sizes=\"auto\" data-orig-sizes=\"(max-width: 2560px) 100vw, 2560px\" \/><\/p>\n<p>Directivos de las empresas y las patronales de la construcci\u00f3n, reunidos a la Confederaci\u00f3n Catalana de la Construcci\u00f3n (CCC), han debatido esta ma\u00f1ana sobre las dificultades que tienen que afrontar en la contrataci\u00f3n de profesionales. La Jornada T\u00e9cnica Atracci\u00f3n de talento al sector de la construcci\u00f3n: retos y soluciones ha hecho patente que la adaptaci\u00f3n a los valores de los j\u00f3venes acontecer\u00e1 la v\u00eda m\u00e1s \u00fatil para minimizar estos problemas en un futuro inmediato.<\/p>\n<p>El acto, inaugurado por el Secretario de Trabajo de la Generalitat de Catalu\u00f1a, Francisco Ramos, y el presidente de la Confederaci\u00f3n, Josep\u00a0Gassiot, ha evidenciado las dificultades que vive un sector que da trabajo al 6,1% de las personas ocupadas en Catalu\u00f1a. El representante del Gobierno de Catalu\u00f1a ha afirmado que \u201cqueremos que la construcci\u00f3n genere puestos de trabajo de calidad y sea atractivo a los j\u00f3venes\u201d. Y se ha comprometido a que \u201ccon las conclusiones de la Jornada, haremos una reuni\u00f3n con el Consejero, yo mismo y la\u00a0CCC\u00a0para implementar pol\u00edticas que ayuden a resolver el d\u00e9ficit de profesionales al sector\u201d.<\/p>\n<p>Por su parte, Gassiot ha recordado que \u201den el sector de la construcci\u00f3n sufrimos una carencia de personal y un envejecimiento de los trabajadores, hecho que condiciona el desarrollo y el progreso de nuestras empresas. Desde la Confederaci\u00f3n Catalana de la Construcci\u00f3n buscamos mostrar las posibilidades de trabajo, el atractivo del sector y explicar las posibilidades de la construcci\u00f3n como una alternativa laboral positiva y alentadora para j\u00f3venes y no tan j\u00f3venes\u201d.<\/p>\n<p>Esta realidad se ha analizado en profundidad al primer bloque de la jornada, dedicado establecer la foto actual y las perspectivas de futuro de la ocupaci\u00f3n al sector catal\u00e1n de la construcci\u00f3n. Con la revisi\u00f3n del Informe sobre la ocupaci\u00f3n al sector de la construcci\u00f3n a cargo de Luc\u00eda L\u00f3pez, la gerente de la\u00a0FLC\u00a0ha recordado que \u201cexiste una evidente carencia de relevo generacional a los trabajos con m\u00e1s demanda del sector\u201d.<\/p>\n<p>Por su parte, Rub\u00e9n Gil, Jefe del Departamento de Estudios de la\u00a0CCOC\u00a0y Rub\u00e9n L\u00f3pez, Responsable de Estudios y del \u00c1rea de Formaci\u00f3n de la\u00a0APCE, han presentado los resultados de la Encuesta sobre necesidades futuras de profesionales al sector de la construcci\u00f3n en Catalu\u00f1a, que pose de manifiesto que las empresas \u201capuestan para pedir y acordar con la administraci\u00f3n una mayor oferta formativa, crear colaboraciones con centros formativos para captar talento joven y hacer campa\u00f1as de comunicaci\u00f3n\u201d como f\u00f3rmulas para solucionar la carencia de profesionales.<\/p>\n<p>El segundo bloque ha ofrecido una mirada transversal, con una mesa redonda sobre iniciativas otros sectores tambi\u00e9n afectados por la carencia de mano de obra. han participado representantes del \u00e1mbito asistencial, industrial y agrario, como Antoni Vidal (ACRA), Nat\u00e0lia Ortega (CEAM)\u00a0y Pere\u00a0Roqu\u00e9\u00a0(ASAJA\u00a0Lleida), con la moderaci\u00f3n de\u00a0Y\u00e9sika\u00a0Aguilar (Fomento del Trabajo).<\/p>\n<p>El tercero y \u00faltimo bloque se ha centrado en explorar las soluciones al problema y ha reunido profesionales del propio sector para reflexionar sobre c\u00f3mo tiene que ser la oferta para atraer nuevo talento, destacando la importancia de mejorar la comunicaci\u00f3n del sector, fomentar la formaci\u00f3n y adaptarse a los valores de las nuevas generaciones. Ha intervenido Marc Fantova (Pr\u00eat-\u00e0-Porter Casas), Patr\u00edcia Mart\u00ednez (Tarraco Empresa Constructora) y Teresa Carrera (Instituto Torre Vicens), bajo la moderaci\u00f3n de Elisenda Vallejo, redactora en jefe de Econom\u00eda en La Vanguardia.<\/p>\n<p>Sus aportaciones y ponencias han permitido concluir que las dificultades principales que afrontan las 24 mil empresas activas del pa\u00eds en la hora de configurar el suyos equipos profesionales son el sesgo masculino del sector, el envejecimiento de las plantillas, y una carencia de formaci\u00f3n de los trabajadores y trabajadoras, sobre todo en el \u00e1mbito del uso de herramientas digitales.<\/p>\n<p>Conceptos como la conciliaci\u00f3n de la vida personal con la laboral, las pr\u00e1cticas remuneradas de los j\u00f3venes en las empresas, y la flexibilidad de las condiciones laborales m\u00e1s all\u00e1 de lo que establezcan los convenios colectivos podr\u00edan formar parte de las soluciones al problema.<\/p>\n","protected":false},"excerpt":{"rendered":"<p>Los problemas a superar incluyen el sesgo masculino del sector, el envejecimiento de las plantillas, y una carencia de formaci\u00f3n de los trabajadores y trabajadoras<\/p>\n","protected":false},"author":1,"featured_media":6160,"comment_status":"closed","ping_status":"closed","sticky":false,"template":"","format":"standard","meta":{"footnotes":""},"categories":[1],"tags":[],"class_list":["post-6162","post","type-post","status-publish","format-standard","has-post-thumbnail","hentry","category-gremi"],"_links":{"self":[{"href":"https:\/\/www.construcciotarragones.org\/es\/wp-json\/wp\/v2\/posts\/6162","targetHints":{"allow":["GET"]}}],"collection":[{"href":"https:\/\/www.construcciotarragones.org\/es\/wp-json\/wp\/v2\/posts"}],"about":[{"href":"https:\/\/www.construcciotarragones.org\/es\/wp-json\/wp\/v2\/types\/post"}],"author":[{"embeddable":true,"href":"https:\/\/www.construcciotarragones.org\/es\/wp-json\/wp\/v2\/users\/1"}],"replies":[{"embeddable":true,"href":"https:\/\/www.construcciotarragones.org\/es\/wp-json\/wp\/v2\/comments?post=6162"}],"version-history":[{"count":1,"href":"https:\/\/www.construcciotarragones.org\/es\/wp-json\/wp\/v2\/posts\/6162\/revisions"}],"predecessor-version":[{"id":6163,"href":"https:\/\/www.construcciotarragones.org\/es\/wp-json\/wp\/v2\/posts\/6162\/revisions\/6163"}],"wp:featuredmedia":[{"embeddable":true,"href":"https:\/\/www.construcciotarragones.org\/es\/wp-json\/wp\/v2\/media\/6160"}],"wp:attachment":[{"href":"https:\/\/www.construcciotarragones.org\/es\/wp-json\/wp\/v2\/media?parent=6162"}],"wp:term":[{"taxonomy":"category","embeddable":true,"href":"https:\/\/www.construcciotarragones.org\/es\/wp-json\/wp\/v2\/categories?post=6162"},{"taxonomy":"post_tag","embeddable":true,"href":"https:\/\/www.construcciotarragones.org\/es\/wp-json\/wp\/v2\/tags?post=6162"}],"curies":[{"name":"wp","href":"https:\/\/api.w.org\/{rel}","templated":true}]}}