{"id":5983,"date":"2024-10-30T11:00:17","date_gmt":"2024-10-30T11:00:17","guid":{"rendered":"https:\/\/www.construcciotarragones.org\/?p=5983"},"modified":"2024-10-30T11:00:35","modified_gmt":"2024-10-30T11:00:35","slug":"la-afiliacion-en-construccion-aumenta-un-18-segun-la-ultima-infografia-presentada-por-el-observatorio-industrial-de-la-construccion","status":"publish","type":"post","link":"https:\/\/www.construcciotarragones.org\/es\/la-afiliacion-en-construccion-aumenta-un-18-segun-la-ultima-infografia-presentada-por-el-observatorio-industrial-de-la-construccion\/","title":{"rendered":"La afiliaci\u00f3n en construcci\u00f3n aumenta un 1,8%, seg\u00fan la \u00faltima infograf\u00eda presentada por el Observatorio Industrial de la Construcci\u00f3n"},"content":{"rendered":"<p style=\"text-align: center;\"><img decoding=\"async\" class=\"lazyload alignnone size-full wp-image-5981\" src=\"https:\/\/www.construcciotarragones.org\/wp-content\/uploads\/ARCH670f6f2de22cc.jpeg\" data-orig-src=\"https:\/\/www.construcciotarragones.org\/wp-content\/uploads\/ARCH670f6f2de22cc.jpeg\" alt=\"\" width=\"853\" height=\"480\" srcset=\"data:image\/svg+xml,%3Csvg%20xmlns%3D%27http%3A%2F%2Fwww.w3.org%2F2000%2Fsvg%27%20width%3D%27853%27%20height%3D%27480%27%20viewBox%3D%270%200%20853%20480%27%3E%3Crect%20width%3D%27853%27%20height%3D%27480%27%20fill-opacity%3D%220%22%2F%3E%3C%2Fsvg%3E\" data-srcset=\"https:\/\/www.construcciotarragones.org\/wp-content\/uploads\/ARCH670f6f2de22cc-200x113.jpeg 200w, https:\/\/www.construcciotarragones.org\/wp-content\/uploads\/ARCH670f6f2de22cc-300x169.jpeg 300w, https:\/\/www.construcciotarragones.org\/wp-content\/uploads\/ARCH670f6f2de22cc-400x225.jpeg 400w, https:\/\/www.construcciotarragones.org\/wp-content\/uploads\/ARCH670f6f2de22cc-600x338.jpeg 600w, https:\/\/www.construcciotarragones.org\/wp-content\/uploads\/ARCH670f6f2de22cc-768x432.jpeg 768w, https:\/\/www.construcciotarragones.org\/wp-content\/uploads\/ARCH670f6f2de22cc-800x450.jpeg 800w, https:\/\/www.construcciotarragones.org\/wp-content\/uploads\/ARCH670f6f2de22cc.jpeg 853w\" data-sizes=\"auto\" data-orig-sizes=\"(max-width: 853px) 100vw, 853px\" \/><\/p>\n<p>La \u00faltima infograf\u00eda\u00a0<a href=\"https:\/\/www.observatoriodelaconstruccion.com\/infodatos\/estatales\/cifras-del-sector-de-la-construccion-en-septiembre-2024\" target=\"_blank\" rel=\"noopener\">&#8216;Cifras del sector de la construcci\u00f3n en septiembre de 2024&#8217;<\/a>, publicada recientemente por el\u00a0<a href=\"https:\/\/www.observatoriodelaconstruccion.com\/\" target=\"_blank\" rel=\"noopener\">Observatorio Industrial de la Construcci\u00f3n<\/a>\u00a0(OIC) de la\u00a0<a href=\"https:\/\/www.fundacionlaboral.org\/\" target=\"_blank\" rel=\"noopener\">Fundaci\u00f3n Laboral de la Construcci\u00f3n<\/a>\u00a0(FLC), analiza los principales indicadores del sector entre enero y septiembre del a\u00f1o en curso.<\/p>\n<p>En el documento gr\u00e1fico\u00a0cabe destacar la continuidad en el crecimiento de la afiliaci\u00f3n al sector, que a mes de agosto, experimenta un incremento del 1,8% con respecto al a\u00f1o anterior, seg\u00fan datos aportados por el\u00a0<a href=\"https:\/\/www.inclusion.gob.es\/\" target=\"_blank\" rel=\"noopener\">Ministerio de Inclusi\u00f3n, Seguridad Social y Migraciones<\/a>. Mientras que en el R\u00e9gimen General este aumento se sit\u00faa en el 2%, la afiliaci\u00f3n en el R\u00e9gimen de Aut\u00f3nomos crece un 1,3%. Por otro lado, en el an\u00e1lisis del Observatorio Industrial de la Construcci\u00f3n sobresale el incremento en el porcentaje de mujeres afiliadas de un 3,2%, representando en el mes de agosto\u00a0el 11,4% del total de personas afiliadas a la construcci\u00f3n.<\/p>\n<p>Atendiendo al porcentaje de personas ocupadas en la construcci\u00f3n, el aumento al cierre del segundo trimestre de 2024 se sit\u00faa en un 5,3%, seg\u00fan la Encuesta de Poblaci\u00f3n Activa (EPA) del\u00a0<a href=\"https:\/\/www.ine.es\/\" target=\"_blank\" rel=\"noopener\">Instituto Nacional de Estad\u00edstica<\/a>\u00a0(INE). En cuanto a la poblaci\u00f3n joven, esta representa el 10,4% de personas ocupadas frente al 9,3% de profesionales de 60 y m\u00e1s a\u00f1os. Asimismo, teniendo en cuenta el porcentaje de personas en situaci\u00f3n de desempleo, este disminuy\u00f3 un 0,2%.<\/p>\n<p>Por otra parte, tomando como referencia el per\u00edodo comprendido entre enero y agosto, las cifras sobre contratos ofrecidas por el\u00a0<a href=\"https:\/\/www.sepe.es\/HomeSepe\" target=\"_blank\" rel=\"noopener\">Servicio P\u00fablico de Empleo Estatal<\/a>\u00a0(Sepe) reflejan una ca\u00edda anual de los mismos del 5,9%, siendo especialmente significativa en las actividades de &#8216;Pintores\/as y Empapeladores\/as\u2019 (-13,5%), &#8216;Peones\/as de la construcci\u00f3n de edificios\u2019 (-7,8%), y \u2018Alba\u00f1iles\/as\u2019 (-6,2%).<\/p>\n<p>En cuanto a la creaci\u00f3n de empresas, en comparaci\u00f3n con el a\u00f1o anterior, el documento muestra un crecimiento del 0,6% entre los meses de enero y agosto. Seg\u00fan cifras del\u00a0<a href=\"https:\/\/www.mites.gob.es\/\" target=\"_blank\" rel=\"noopener\">Ministerio de Trabajo y Econom\u00eda Social<\/a>, \u00e9ste\u00a0iguala la media nacional (0,6%), situ\u00e1ndose solamente por detr\u00e1s del sector Servicios (0,8%). El mayor incremento se produce en el n\u00famero de empresas de 250 o m\u00e1s personas trabajadoras inscritas en la Seguridad Social, con un crecimiento del 17,7%.<\/p>\n<p><strong>Licitaci\u00f3n p\u00fablica y visados de obra<\/strong><\/p>\n<p>La infograf\u00eda del Observatorio refleja un incremento del 1,3% en la licitaci\u00f3n de obra p\u00fablica entre enero y junio de 2024, seg\u00fan\u00a0<a href=\"https:\/\/seopan.es\/\" target=\"_blank\" rel=\"noopener\">Seopan<\/a>. En cuanto a los vol\u00famenes licitados por la Administraci\u00f3n Auton\u00f3mica y Local, este aumento cifra en un 3,2% y un 18%, respectivamente. En el caso de la Administraci\u00f3n General, el indicador analizado disminuye un 16,2%.<\/p>\n<p>Tambi\u00e9n aumenta el porcentaje de visados de obra en un 13,8%,\u00a0en el per\u00edodo de enero a mayo. Seg\u00fan los datos del Ministerio de Transportes y Movilidad Sostenible, los de \u2018Obra nueva\u2019 presentan un incremento del 14,8%, seguidos de los de \u2018Reforma\u2019 (10,6%) y \u2018Ampliaci\u00f3n\u2019 (1,5%).<\/p>\n<p><strong>Ca\u00edda de hipotecas y consumo de cemento<\/strong><\/p>\n<p>Por otro lado, y de acuerdo a las cifras oficiales del INE, el porcentaje de hipotecas sobre viviendas constituidas entre enero y junio disminuyen un 1,1%, y un 2,5% sobre el total de fincas.<\/p>\n<p>En cuanto al consumo de cemento en Espa\u00f1a, seg\u00fan los datos publicados por la\u00a0<a href=\"https:\/\/industria.gob.es\/es-es\/estadisticas\/paginas\/estadistica-cemento.aspx\" target=\"_blank\" rel=\"noopener\">Estad\u00edstica de Cemento del Ministerio Industria y Turismo<\/a>, hasta agosto de 2024 alcanza las 9.641.354 toneladas, lo que supone una ca\u00edda del 1,4% con respecto al a\u00f1o anterior.<\/p>\n","protected":false},"excerpt":{"rendered":"<p>El informe gr\u00e1fico &#8216;Cifras del sector de la construcci\u00f3n en septiembre de 2024&#8217; desgrana las principales magnitudes operativas en lo que va de a\u00f1o: afiliaci\u00f3n, ocupaci\u00f3n, empresas, licitaciones, visados, hipotecas, entre otros<\/p>\n","protected":false},"author":1,"featured_media":5981,"comment_status":"closed","ping_status":"closed","sticky":false,"template":"","format":"standard","meta":{"footnotes":""},"categories":[1],"tags":[],"class_list":["post-5983","post","type-post","status-publish","format-standard","has-post-thumbnail","hentry","category-gremi"],"_links":{"self":[{"href":"https:\/\/www.construcciotarragones.org\/es\/wp-json\/wp\/v2\/posts\/5983","targetHints":{"allow":["GET"]}}],"collection":[{"href":"https:\/\/www.construcciotarragones.org\/es\/wp-json\/wp\/v2\/posts"}],"about":[{"href":"https:\/\/www.construcciotarragones.org\/es\/wp-json\/wp\/v2\/types\/post"}],"author":[{"embeddable":true,"href":"https:\/\/www.construcciotarragones.org\/es\/wp-json\/wp\/v2\/users\/1"}],"replies":[{"embeddable":true,"href":"https:\/\/www.construcciotarragones.org\/es\/wp-json\/wp\/v2\/comments?post=5983"}],"version-history":[{"count":1,"href":"https:\/\/www.construcciotarragones.org\/es\/wp-json\/wp\/v2\/posts\/5983\/revisions"}],"predecessor-version":[{"id":5984,"href":"https:\/\/www.construcciotarragones.org\/es\/wp-json\/wp\/v2\/posts\/5983\/revisions\/5984"}],"wp:featuredmedia":[{"embeddable":true,"href":"https:\/\/www.construcciotarragones.org\/es\/wp-json\/wp\/v2\/media\/5981"}],"wp:attachment":[{"href":"https:\/\/www.construcciotarragones.org\/es\/wp-json\/wp\/v2\/media?parent=5983"}],"wp:term":[{"taxonomy":"category","embeddable":true,"href":"https:\/\/www.construcciotarragones.org\/es\/wp-json\/wp\/v2\/categories?post=5983"},{"taxonomy":"post_tag","embeddable":true,"href":"https:\/\/www.construcciotarragones.org\/es\/wp-json\/wp\/v2\/tags?post=5983"}],"curies":[{"name":"wp","href":"https:\/\/api.w.org\/{rel}","templated":true}]}}