{"id":5540,"date":"2023-06-19T09:40:51","date_gmt":"2023-06-19T09:40:51","guid":{"rendered":"https:\/\/www.construcciotarragones.org\/?p=5540"},"modified":"2023-06-19T09:42:01","modified_gmt":"2023-06-19T09:42:01","slug":"la-afiliacion-en-el-sector-de-la-construccion-crecio-en-mayo-un-47-registrando-el-mejor-dato-en-este-mes-desde-2011","status":"publish","type":"post","link":"https:\/\/www.construcciotarragones.org\/es\/la-afiliacion-en-el-sector-de-la-construccion-crecio-en-mayo-un-47-registrando-el-mejor-dato-en-este-mes-desde-2011\/","title":{"rendered":"La afiliaci\u00f3n en el sector de la construcci\u00f3n creci\u00f3 en mayo un 4,7%, registrando el mejor dato en este mes desde 2011"},"content":{"rendered":"<p><img decoding=\"async\" class=\"lazyload alignnone size-full wp-image-5538 aligncenter\" src=\"https:\/\/www.construcciotarragones.org\/wp-content\/uploads\/ARCH647dfeda60b62.jpeg\" data-orig-src=\"https:\/\/www.construcciotarragones.org\/wp-content\/uploads\/ARCH647dfeda60b62.jpeg\" alt=\"\" width=\"853\" height=\"480\" srcset=\"data:image\/svg+xml,%3Csvg%20xmlns%3D%27http%3A%2F%2Fwww.w3.org%2F2000%2Fsvg%27%20width%3D%27853%27%20height%3D%27480%27%20viewBox%3D%270%200%20853%20480%27%3E%3Crect%20width%3D%27853%27%20height%3D%27480%27%20fill-opacity%3D%220%22%2F%3E%3C%2Fsvg%3E\" data-srcset=\"https:\/\/www.construcciotarragones.org\/wp-content\/uploads\/ARCH647dfeda60b62-200x113.jpeg 200w, https:\/\/www.construcciotarragones.org\/wp-content\/uploads\/ARCH647dfeda60b62-300x169.jpeg 300w, https:\/\/www.construcciotarragones.org\/wp-content\/uploads\/ARCH647dfeda60b62-400x225.jpeg 400w, https:\/\/www.construcciotarragones.org\/wp-content\/uploads\/ARCH647dfeda60b62-600x338.jpeg 600w, https:\/\/www.construcciotarragones.org\/wp-content\/uploads\/ARCH647dfeda60b62-768x432.jpeg 768w, https:\/\/www.construcciotarragones.org\/wp-content\/uploads\/ARCH647dfeda60b62-800x450.jpeg 800w, https:\/\/www.construcciotarragones.org\/wp-content\/uploads\/ARCH647dfeda60b62.jpeg 853w\" data-sizes=\"auto\" data-orig-sizes=\"(max-width: 853px) 100vw, 853px\" \/><\/p>\n<p>El n\u00famero de afiliados\/as medios del sector de la construcci\u00f3n alcanz\u00f3 en mayo la cifra de 1.396.635 personas trabajadoras, lo que supuso un crecimiento del 4,7% en la variaci\u00f3n anual, con 62.471 afiliaciones m\u00e1s que en 2022, registrando el mejor mes de mayo desde 2011. Seg\u00fan los datos publicados por el Observatorio Industrial de la Construcci\u00f3n, en base a las cifras del Ministerio de Inclusi\u00f3n, Seguridad Social y Migraciones, con respecto a abril, la afiliaci\u00f3n creci\u00f3 un 0,6%.<\/p>\n<p>El an\u00e1lisis ofrecido por el Observatorio Industrial de la Construcci\u00f3n destac\u00f3, adem\u00e1s, el incremento interanual de la afiliaci\u00f3n femenina en un 5,6%, superando as\u00ed el crecimiento de los hombres, que fue del 4,6%. Seg\u00fan los datos publicados, el 11,1% del total de las personas afiliadas a la Construcci\u00f3n en mayo fueron mujeres.<\/p>\n<p>Volviendo a las cifras totales, en el R\u00e9gimen General se contabilizaron 990.617 personas afiliadas, aumentando un 0,8% con respecto a abril y un 6,3% m\u00e1s que el mismo mes de 2022. Por actividad econ\u00f3mica, Ingenier\u00eda Civil registr\u00f3 el mayor aumento de afiliados\/as respecto al a\u00f1o pasado con un 10,3% m\u00e1s, seguido de Construcci\u00f3n de Edificios y las Actividades de Construcci\u00f3n Especializada, ambas con un incremento del 6,1%.<\/p>\n<p>El R\u00e9gimen de Aut\u00f3nomos, con 406.018 personas afiliadas, present\u00f3 un incremento mensual del 0,3% y anual del 0,9%. Teniendo en cuenta la actividad, destac\u00f3 el aumento interanual de la Construcci\u00f3n de Edificios (1,9%) y el de las Actividades de Construcci\u00f3n Especializada (0,5%). Los afiliados\/as en Ingenier\u00eda Civil se redujeron, en cambio, un 4,9% con respecto al mismo mes del a\u00f1o pasado.<\/p>\n<p>Cifras muy positivas tanto de afiliaci\u00f3n como de poblaci\u00f3n activa<\/p>\n<p>Seg\u00fan los datos del Ministerio de Trabajo y Econom\u00eda Social, el paro se situ\u00f3 en mayo en 2.739.110 desempleados\/as, por debajo de los 2,8 millones por primera vez en este mes desde 2008. En t\u00e9rminos interanuales, la cifra se rebaj\u00f3 en 183.881 personas, una ca\u00edda porcentual del 6,29%.<\/p>\n<p>Por sectores econ\u00f3micos, todos registraron descensos en el \u00edndice de parados\/as; en el de Servicios en 34.665 personas (-1,74%), en Industria en 4.622 personas (-2,07%), en Construcci\u00f3n con 3.896 parados menos (-1,82%) y Agricultura con 2.501 personas menos en desempleo (-2,30%). Otro dato significativo fue el paro de los j\u00f3venes menores de 25 a\u00f1os, que descendi\u00f3 en el mes de mayo en 7.208 personas (-3,69%) respecto al mes anterior, duplicando el ritmo porcentual de la ca\u00edda general. El total de j\u00f3venes sin trabajo fue en este mes el menor de toda la serie hist\u00f3rica: 188.043.<\/p>\n<p>Fuentes de UGT se\u00f1alaron en un comunicado que \u201clos datos de desempleo del mes de mayo siguen reflejando la excelente incidencia del acuerdo laboral y de las medidas de expansi\u00f3n de derechos sociales acordadas durante los \u00faltimos a\u00f1os en el impulso del nivel de vida de la poblaci\u00f3n\u201d.<\/p>\n<p>Por su parte, CCOO del H\u00e1bitat destac\u00f3 \u201clos niveles r\u00e9cord de afiliaci\u00f3n alcanzados en mayo\u201d. Su Secretaria de Pol\u00edticas P\u00fablicas e Institucional, Paloma V\u00e1zquez Laserna, valor\u00f3 positivamente \u201cel comportamiento del mercado laboral dando cuenta del poderoso motor que supone como variable econ\u00f3mica\u201d. Asimismo recalc\u00f3 \u201cla importancia decisiva de la reforma laboral y la puesta en marcha de inversiones y reformas del Componente 23 del PRTR que deja nuevos datos in\u00e9ditos en la serie hist\u00f3rica con avances en la afiliaci\u00f3n as\u00ed como la mejora de indicadores laborales en las personas j\u00f3venes para las cuales se ha priorizado un gran n\u00famero de medidas que ya est\u00e1n dando sus frutos\u201d.<\/p>\n","protected":false},"excerpt":{"rendered":"<p>Destac\u00f3 en la tasa interanual el incremento de afiliaci\u00f3n femenina, con un ascenso del 5,6% con respecto al dato de 2022<\/p>\n","protected":false},"author":1,"featured_media":5538,"comment_status":"closed","ping_status":"closed","sticky":false,"template":"","format":"standard","meta":{"footnotes":""},"categories":[1],"tags":[],"class_list":["post-5540","post","type-post","status-publish","format-standard","has-post-thumbnail","hentry","category-gremi"],"_links":{"self":[{"href":"https:\/\/www.construcciotarragones.org\/es\/wp-json\/wp\/v2\/posts\/5540","targetHints":{"allow":["GET"]}}],"collection":[{"href":"https:\/\/www.construcciotarragones.org\/es\/wp-json\/wp\/v2\/posts"}],"about":[{"href":"https:\/\/www.construcciotarragones.org\/es\/wp-json\/wp\/v2\/types\/post"}],"author":[{"embeddable":true,"href":"https:\/\/www.construcciotarragones.org\/es\/wp-json\/wp\/v2\/users\/1"}],"replies":[{"embeddable":true,"href":"https:\/\/www.construcciotarragones.org\/es\/wp-json\/wp\/v2\/comments?post=5540"}],"version-history":[{"count":1,"href":"https:\/\/www.construcciotarragones.org\/es\/wp-json\/wp\/v2\/posts\/5540\/revisions"}],"predecessor-version":[{"id":5541,"href":"https:\/\/www.construcciotarragones.org\/es\/wp-json\/wp\/v2\/posts\/5540\/revisions\/5541"}],"wp:featuredmedia":[{"embeddable":true,"href":"https:\/\/www.construcciotarragones.org\/es\/wp-json\/wp\/v2\/media\/5538"}],"wp:attachment":[{"href":"https:\/\/www.construcciotarragones.org\/es\/wp-json\/wp\/v2\/media?parent=5540"}],"wp:term":[{"taxonomy":"category","embeddable":true,"href":"https:\/\/www.construcciotarragones.org\/es\/wp-json\/wp\/v2\/categories?post=5540"},{"taxonomy":"post_tag","embeddable":true,"href":"https:\/\/www.construcciotarragones.org\/es\/wp-json\/wp\/v2\/tags?post=5540"}],"curies":[{"name":"wp","href":"https:\/\/api.w.org\/{rel}","templated":true}]}}