{"id":5496,"date":"2023-05-12T11:35:42","date_gmt":"2023-05-12T11:35:42","guid":{"rendered":"https:\/\/www.construcciotarragones.org\/?p=5496"},"modified":"2023-05-12T11:35:42","modified_gmt":"2023-05-12T11:35:42","slug":"la-afiliacion-en-el-sector-de-la-construccion-crecio-en-abril-un-52-con-respecto-al-mismo-mes-del-ano-pasado","status":"publish","type":"post","link":"https:\/\/www.construcciotarragones.org\/es\/la-afiliacion-en-el-sector-de-la-construccion-crecio-en-abril-un-52-con-respecto-al-mismo-mes-del-ano-pasado\/","title":{"rendered":"La afiliaci\u00f3n en el sector de la construcci\u00f3n creci\u00f3 en abril un 5,2% con respecto al mismo mes del a\u00f1o pasado"},"content":{"rendered":"<p><img decoding=\"async\" class=\"lazyload alignnone size-full wp-image-5494\" src=\"https:\/\/www.construcciotarragones.org\/wp-content\/uploads\/ARCH6458c5d7a410e.jpeg\" data-orig-src=\"https:\/\/www.construcciotarragones.org\/wp-content\/uploads\/ARCH6458c5d7a410e.jpeg\" alt=\"\" width=\"853\" height=\"480\" srcset=\"data:image\/svg+xml,%3Csvg%20xmlns%3D%27http%3A%2F%2Fwww.w3.org%2F2000%2Fsvg%27%20width%3D%27853%27%20height%3D%27480%27%20viewBox%3D%270%200%20853%20480%27%3E%3Crect%20width%3D%27853%27%20height%3D%27480%27%20fill-opacity%3D%220%22%2F%3E%3C%2Fsvg%3E\" data-srcset=\"https:\/\/www.construcciotarragones.org\/wp-content\/uploads\/ARCH6458c5d7a410e-200x113.jpeg 200w, https:\/\/www.construcciotarragones.org\/wp-content\/uploads\/ARCH6458c5d7a410e-300x169.jpeg 300w, https:\/\/www.construcciotarragones.org\/wp-content\/uploads\/ARCH6458c5d7a410e-400x225.jpeg 400w, https:\/\/www.construcciotarragones.org\/wp-content\/uploads\/ARCH6458c5d7a410e-600x338.jpeg 600w, https:\/\/www.construcciotarragones.org\/wp-content\/uploads\/ARCH6458c5d7a410e-768x432.jpeg 768w, https:\/\/www.construcciotarragones.org\/wp-content\/uploads\/ARCH6458c5d7a410e-800x450.jpeg 800w, https:\/\/www.construcciotarragones.org\/wp-content\/uploads\/ARCH6458c5d7a410e.jpeg 853w\" data-sizes=\"auto\" data-orig-sizes=\"(max-width: 853px) 100vw, 853px\" \/><\/p>\n<p>El n\u00famero de afiliados medios del sector de la construcci\u00f3n alcanz\u00f3 en abril la cifra de 1.387.985 personas trabajadoras, lo que supuso un crecimiento del 5,2% en la variaci\u00f3n anual, con 68.738 afiliaciones m\u00e1s que en 2022 y del 0,4% con respecto al mes de marzo. Seg\u00fan los datos publicados por el Observatorio Industrial de la Construcci\u00f3n en base a las cifras del Ministerio de Inclusi\u00f3n, Seguridad Social y Migraciones, se registr\u00f3 el mejor cuarto mes del a\u00f1o desde 2011.<\/p>\n<p>En el R\u00e9gimen General se contabilizaron 983.135 personas afiliadas, aumentando un 0,4% sobre el mes anterior y un 7,1%. en la variaci\u00f3n anual, con 64.937 trabajadores\/as m\u00e1s que hace un a\u00f1o. Por actividad econ\u00f3mica, Ingenier\u00eda Civil registr\u00f3 el mayor incremento porcentual respecto a 2022, con un 11,4% m\u00e1s de afiliados\/as, seguido de Construcci\u00f3n de Edificios (7,1%) y las Actividades de Construcci\u00f3n Especializada, que creci\u00f3 un 6,6%.<\/p>\n<p>El R\u00e9gimen de Aut\u00f3nomos, con 403.793 personas afiliadas, ascendi\u00f3 en abril un 0,3%. La comparaci\u00f3n anual tambi\u00e9n fue positiva, aumentando un 0,9%. Por actividad, destac\u00f3 el incremento interanual de la Construcci\u00f3n de Edificios (2,1%) y el de las Actividades de Construcci\u00f3n Especializada (0,6%). Los afiliados\/as en Ingenier\u00eda Civil se redujeron, en cambio, un 4,9% con respecto a 2022.<\/p>\n<p>El an\u00e1lisis del Observatorio Industrial de la Construcci\u00f3n mostr\u00f3, adem\u00e1s, un incremento de mujeres trabajadoras con respecto al a\u00f1o anterior del 5,5%, superando as\u00ed el crecimiento de los hombres, que fue del 5,2%. Destac\u00f3 el peso porcentual de las mujeres afiliadas en empresas de Construcci\u00f3n de Edificios, representando m\u00e1s de un 13% sobre el total, tanto en el R\u00e9gimen General como entre Aut\u00f3nomos.<\/p>\n<p>El mejor abril desde 2008<\/p>\n<p>Seg\u00fan los datos del Ministerio de Trabajo y Econom\u00eda Social, el paro se situ\u00f3 en abril en 2.788.370 desempleados\/as, por debajo de los 2,8 millones por primera vez en este mes desde 2008. En t\u00e9rminos desestacionalizados, el paro baj\u00f3 en 2.646 personas.<\/p>\n<p>Por sectores econ\u00f3micos, todos registraron ca\u00eddas en el \u00edndice de parados\/as, produci\u00e9ndose el mayor descenso en el sector de Servicios en 52.216 personas (-2,56%); seguido de Industria, en 5.391 (-2,36%); Agricultura, en 4.296 (-3,79%) y Construcci\u00f3n, con 4.014 (-1,84%).<\/p>\n<p>Para UGT FICA, \u201cestos resultados hist\u00f3ricos no deben distraernos, sin embargo, de aquellos otros aspectos del empleo que a\u00fan tienen que cambiar. Uno de ellos es la temporalidad del sector p\u00fablico, que seg\u00fan la \u00faltima EPA ha ascendido al 31,3% en el primer trimestre, a diferencia de la del sector privado, que se ha reducido al 13,7%, acerc\u00e1ndose a la existente en la Uni\u00f3n Europea\u201d. \u201cOtra materia que debe atenderse\u201d, recalcaron, \u201ces el desempleo de larga duraci\u00f3n, que a\u00fan afecta a cuatro de cada diez personas desempleadas y que no tiene perspectiva de mejorar en el corto plazo\u201d.<\/p>\n<p>Por su parte, Paloma V\u00e1zquez Laserna, secretaria de Pol\u00edticas P\u00fablicas e Institucional de CCOO del H\u00e1bitat, destac\u00f3 que las cifras absolutas mejoran para todos, con especial impacto en las personas j\u00f3venes tanto en contrataci\u00f3n como en estabilidad de la misma y a\u00f1adi\u00f3 que \u201cante este buen panorama, que da cuenta de las fortalezas del tejido productivo se hace necesario dirigir la mirada y exigir mejoras salariales para hacer frente a la inflaci\u00f3n y mantener los niveles de demanda interna, tan precisa para nuestra econom\u00eda\u201d.<\/p>\n<p>&nbsp;<\/p>\n","protected":false},"excerpt":{"rendered":"<p>En la variaci\u00f3n mensual, el incremento fue del 0,4% y anot\u00f3 el mejor dato en este mes desde 2011<\/p>\n","protected":false},"author":1,"featured_media":5494,"comment_status":"closed","ping_status":"closed","sticky":false,"template":"","format":"standard","meta":{"footnotes":""},"categories":[1],"tags":[],"class_list":["post-5496","post","type-post","status-publish","format-standard","has-post-thumbnail","hentry","category-gremi"],"_links":{"self":[{"href":"https:\/\/www.construcciotarragones.org\/es\/wp-json\/wp\/v2\/posts\/5496","targetHints":{"allow":["GET"]}}],"collection":[{"href":"https:\/\/www.construcciotarragones.org\/es\/wp-json\/wp\/v2\/posts"}],"about":[{"href":"https:\/\/www.construcciotarragones.org\/es\/wp-json\/wp\/v2\/types\/post"}],"author":[{"embeddable":true,"href":"https:\/\/www.construcciotarragones.org\/es\/wp-json\/wp\/v2\/users\/1"}],"replies":[{"embeddable":true,"href":"https:\/\/www.construcciotarragones.org\/es\/wp-json\/wp\/v2\/comments?post=5496"}],"version-history":[{"count":1,"href":"https:\/\/www.construcciotarragones.org\/es\/wp-json\/wp\/v2\/posts\/5496\/revisions"}],"predecessor-version":[{"id":5497,"href":"https:\/\/www.construcciotarragones.org\/es\/wp-json\/wp\/v2\/posts\/5496\/revisions\/5497"}],"wp:featuredmedia":[{"embeddable":true,"href":"https:\/\/www.construcciotarragones.org\/es\/wp-json\/wp\/v2\/media\/5494"}],"wp:attachment":[{"href":"https:\/\/www.construcciotarragones.org\/es\/wp-json\/wp\/v2\/media?parent=5496"}],"wp:term":[{"taxonomy":"category","embeddable":true,"href":"https:\/\/www.construcciotarragones.org\/es\/wp-json\/wp\/v2\/categories?post=5496"},{"taxonomy":"post_tag","embeddable":true,"href":"https:\/\/www.construcciotarragones.org\/es\/wp-json\/wp\/v2\/tags?post=5496"}],"curies":[{"name":"wp","href":"https:\/\/api.w.org\/{rel}","templated":true}]}}