{"id":5457,"date":"2023-03-30T11:14:21","date_gmt":"2023-03-30T11:14:21","guid":{"rendered":"https:\/\/www.construcciotarragones.org\/?p=5457"},"modified":"2023-03-30T11:14:21","modified_gmt":"2023-03-30T11:14:21","slug":"el-gremi-de-la-construccio-del-tarragones-se-reune-en-el-ayuntamiento-de-salou-con-su-alcalde","status":"publish","type":"post","link":"https:\/\/www.construcciotarragones.org\/es\/el-gremi-de-la-construccio-del-tarragones-se-reune-en-el-ayuntamiento-de-salou-con-su-alcalde\/","title":{"rendered":"El Gremi de la Construcci\u00f3 del Tarragon\u00e8s se re\u00fane en el Ayuntamiento de Salou con su alcalde"},"content":{"rendered":"<p><img decoding=\"async\" class=\"lazyload size-full wp-image-5440 aligncenter\" src=\"https:\/\/www.construcciotarragones.org\/wp-content\/uploads\/WhatsApp-Image-2023-03-13-at-15.44.31-1.jpg\" data-orig-src=\"https:\/\/www.construcciotarragones.org\/wp-content\/uploads\/WhatsApp-Image-2023-03-13-at-15.44.31-1.jpg\" alt=\"\" width=\"1024\" height=\"768\" srcset=\"data:image\/svg+xml,%3Csvg%20xmlns%3D%27http%3A%2F%2Fwww.w3.org%2F2000%2Fsvg%27%20width%3D%271024%27%20height%3D%27768%27%20viewBox%3D%270%200%201024%20768%27%3E%3Crect%20width%3D%271024%27%20height%3D%27768%27%20fill-opacity%3D%220%22%2F%3E%3C%2Fsvg%3E\" data-srcset=\"https:\/\/www.construcciotarragones.org\/wp-content\/uploads\/WhatsApp-Image-2023-03-13-at-15.44.31-1-200x150.jpg 200w, https:\/\/www.construcciotarragones.org\/wp-content\/uploads\/WhatsApp-Image-2023-03-13-at-15.44.31-1-300x225.jpg 300w, https:\/\/www.construcciotarragones.org\/wp-content\/uploads\/WhatsApp-Image-2023-03-13-at-15.44.31-1-400x300.jpg 400w, https:\/\/www.construcciotarragones.org\/wp-content\/uploads\/WhatsApp-Image-2023-03-13-at-15.44.31-1-600x450.jpg 600w, https:\/\/www.construcciotarragones.org\/wp-content\/uploads\/WhatsApp-Image-2023-03-13-at-15.44.31-1-768x576.jpg 768w, https:\/\/www.construcciotarragones.org\/wp-content\/uploads\/WhatsApp-Image-2023-03-13-at-15.44.31-1-800x600.jpg 800w, https:\/\/www.construcciotarragones.org\/wp-content\/uploads\/WhatsApp-Image-2023-03-13-at-15.44.31-1.jpg 1024w\" data-sizes=\"auto\" data-orig-sizes=\"(max-width: 1024px) 100vw, 1024px\" \/><\/p>\n<p>Tarragona, 13 de marzo de 2023.- El Gremi de la Construcci\u00f3 del Tarragon\u00e8s empieza la semana con nuevas reuniones, en esta ocasi\u00f3n se ha reunido en las instalaciones del<br \/>\nAyuntamiento de Salou con el Sr. Pere Granados, alcalde.<\/p>\n<p>En la sede del Ayuntamiento de Salou el alcalde Sr. Pere Granados, acompa\u00f1ado del Sr. Llu\u00eds Serra, arquitecto municipal y jefe de los Servicios T\u00e9cnicos Municipales. Trataron<br \/>\nlos diferentes proyectos que tienen en curso como son la creaci\u00f3n del tranv\u00eda a Salou, el Hard-Rock caf\u00e9, la nueva ciudad deportiva en Salou o la nueva ubicaci\u00f3n de la biblioteca municipal.<\/p>\n<p>El Gremi de la Construcci\u00f3 del Tarragon\u00e8s ofreci\u00f3 su apoyo al Ayuntamiento de Salou para el desarrollo de los proyectos y se acordaron mantener nuevas reuniones para hacer el seguimiento de los proyectos.<\/p>\n<p>Al encuentro han asistido por parte del Gremi Joan Romeu, presidente; y los vocales Elena Marr\u00f3n y Antonio Garc\u00eda.<\/p>\n<p>Asimismo, durante los pr\u00f3ximos d\u00edas os mantendremos informados de los diferentes encuentros que el Gremi ya tiene agendado con los diferentes candidatos a las alcald\u00edas de los municipios de la comarca, siempre con el objetivo de compartir y trasladar las inquietudes y problem\u00e1ticas que vive el sector con cada uno de ellos\/as.<\/p>\n","protected":false},"excerpt":{"rendered":"<p>Pere Granados, alcalde de Salou, coment\u00f3 los diferentes proyectos que tienen en curso y el Gremi ofreci\u00f3 su apoyo en pr\u00f3ximos encuentros.<\/p>\n","protected":false},"author":1,"featured_media":5440,"comment_status":"closed","ping_status":"closed","sticky":false,"template":"","format":"standard","meta":{"footnotes":""},"categories":[1],"tags":[],"class_list":["post-5457","post","type-post","status-publish","format-standard","has-post-thumbnail","hentry","category-gremi"],"_links":{"self":[{"href":"https:\/\/www.construcciotarragones.org\/es\/wp-json\/wp\/v2\/posts\/5457","targetHints":{"allow":["GET"]}}],"collection":[{"href":"https:\/\/www.construcciotarragones.org\/es\/wp-json\/wp\/v2\/posts"}],"about":[{"href":"https:\/\/www.construcciotarragones.org\/es\/wp-json\/wp\/v2\/types\/post"}],"author":[{"embeddable":true,"href":"https:\/\/www.construcciotarragones.org\/es\/wp-json\/wp\/v2\/users\/1"}],"replies":[{"embeddable":true,"href":"https:\/\/www.construcciotarragones.org\/es\/wp-json\/wp\/v2\/comments?post=5457"}],"version-history":[{"count":1,"href":"https:\/\/www.construcciotarragones.org\/es\/wp-json\/wp\/v2\/posts\/5457\/revisions"}],"predecessor-version":[{"id":5458,"href":"https:\/\/www.construcciotarragones.org\/es\/wp-json\/wp\/v2\/posts\/5457\/revisions\/5458"}],"wp:featuredmedia":[{"embeddable":true,"href":"https:\/\/www.construcciotarragones.org\/es\/wp-json\/wp\/v2\/media\/5440"}],"wp:attachment":[{"href":"https:\/\/www.construcciotarragones.org\/es\/wp-json\/wp\/v2\/media?parent=5457"}],"wp:term":[{"taxonomy":"category","embeddable":true,"href":"https:\/\/www.construcciotarragones.org\/es\/wp-json\/wp\/v2\/categories?post=5457"},{"taxonomy":"post_tag","embeddable":true,"href":"https:\/\/www.construcciotarragones.org\/es\/wp-json\/wp\/v2\/tags?post=5457"}],"curies":[{"name":"wp","href":"https:\/\/api.w.org\/{rel}","templated":true}]}}