{"id":5057,"date":"2022-06-29T10:58:21","date_gmt":"2022-06-29T10:58:21","guid":{"rendered":"https:\/\/construcciotarragones.pragmatacomunicacion.com\/confirmada-la-participacio-en-els-grups-de-treball-del-consell-de-lhabitatge-de-tarragona\/"},"modified":"2022-10-31T11:01:28","modified_gmt":"2022-10-31T11:01:28","slug":"confirmada-la-participacio-en-els-grups-de-treball-del-consell-de-lhabitatge-de-tarragona","status":"publish","type":"post","link":"https:\/\/www.construcciotarragones.org\/es\/confirmada-la-participacio-en-els-grups-de-treball-del-consell-de-lhabitatge-de-tarragona\/","title":{"rendered":"Confirmada la participaci\u00f3n en los grupos de trabajo del Consell de l&#8217;Habitatge de Tarragona"},"content":{"rendered":"<p><img decoding=\"async\" class=\"lazyload size-full wp-image-4149 aligncenter\" src=\"https:\/\/www.construcciotarragones.org\/wp-content\/uploads\/treball-del-Consell.jpg\" data-orig-src=\"https:\/\/www.construcciotarragones.org\/wp-content\/uploads\/treball-del-Consell.jpg\" alt=\"\" width=\"450\" height=\"332\" srcset=\"data:image\/svg+xml,%3Csvg%20xmlns%3D%27http%3A%2F%2Fwww.w3.org%2F2000%2Fsvg%27%20width%3D%27450%27%20height%3D%27332%27%20viewBox%3D%270%200%20450%20332%27%3E%3Crect%20width%3D%27450%27%20height%3D%27332%27%20fill-opacity%3D%220%22%2F%3E%3C%2Fsvg%3E\" data-srcset=\"https:\/\/www.construcciotarragones.org\/wp-content\/uploads\/treball-del-Consell-200x148.jpg 200w, https:\/\/www.construcciotarragones.org\/wp-content\/uploads\/treball-del-Consell-300x221.jpg 300w, https:\/\/www.construcciotarragones.org\/wp-content\/uploads\/treball-del-Consell-400x295.jpg 400w, https:\/\/www.construcciotarragones.org\/wp-content\/uploads\/treball-del-Consell.jpg 450w\" data-sizes=\"auto\" data-orig-sizes=\"(max-width: 450px) 100vw, 450px\" \/><\/p>\n<p>Despu\u00e9s de que la comisi\u00f3n ejecutiva del <strong>Consell de l\u2019Habitatge de Tarragona<\/strong> aprobara la creaci\u00f3n de tres grupos de trabajo para los pr\u00f3ximos meses, el <strong>Gremi de la Construcci\u00f3 del Tarragon\u00e8s<\/strong> ha confirmado su participaci\u00f3n en cada uno de ellos. Se trata de unas jornadas que pretenden agrupar todas aquellas materias consideradas esenciales para debatir, compartir experiencias y poder elaborar propuestas constructivas que gu\u00eden la pol\u00edtica de vivienda de la ciudad de Tarragona.<\/p>\n<p>Est\u00e1 previsto que la primera sesi\u00f3n de trabajo se realice durante el mes de julio. Asimismo, las tem\u00e1ticas de dichas sesiones ser\u00e1n las siguientes: POUM y promoci\u00f3n de la vivienda en la ciudad; favorecer el acceso a la vivienda y especialmente a los grupos vulnerables; calidad del parque edificatorio: rehabilitaci\u00f3n y mejora de las viviendas.<\/p>\n<p>De cara al primer grupo de trabajo, en representaci\u00f3n del Gremi de la Construcci\u00f3 de Tarragon\u00e8s ya est\u00e1 confirmada la asistencia del Sr. Antonio Garc\u00eda Su\u00f1\u00e9, vocal del Gremi. Para el segundo grupo participar\u00e1 Bel\u00e9n Marr\u00f3n, socia del Gremi, y para el tercero lo har\u00e1 Joan Romeu, presidente del Gremi.<\/p>\n<p><em>\u201cPara nosotros poder participar en la estrategia y desarrollo del plan de vivienda de la ciudad es una oportunidad para aportar nuestra experiencia y conocimientos innovadores que ayuden a impulsar un crecimiento sostenible del territorio\u201d, <\/em>ha afirmado Joan Romeu, presidente del Gremi de la Construcci\u00f3 de Tarragon\u00e8s.<\/p>\n","protected":false},"excerpt":{"rendered":"<p>&#8220;Para nosotros poder participar en la estrategia y desarrollo del plan de vivienda de la ciudad es una oportunidad para aportar nuestra experiencia y conocimientos innovadores&#8221;, ha afirmado Joan Romeu, presidente del Gremi.<\/p>\n","protected":false},"author":1,"featured_media":3812,"comment_status":"closed","ping_status":"closed","sticky":false,"template":"","format":"standard","meta":{"footnotes":""},"categories":[1],"tags":[],"class_list":["post-5057","post","type-post","status-publish","format-standard","has-post-thumbnail","hentry","category-gremi"],"_links":{"self":[{"href":"https:\/\/www.construcciotarragones.org\/es\/wp-json\/wp\/v2\/posts\/5057","targetHints":{"allow":["GET"]}}],"collection":[{"href":"https:\/\/www.construcciotarragones.org\/es\/wp-json\/wp\/v2\/posts"}],"about":[{"href":"https:\/\/www.construcciotarragones.org\/es\/wp-json\/wp\/v2\/types\/post"}],"author":[{"embeddable":true,"href":"https:\/\/www.construcciotarragones.org\/es\/wp-json\/wp\/v2\/users\/1"}],"replies":[{"embeddable":true,"href":"https:\/\/www.construcciotarragones.org\/es\/wp-json\/wp\/v2\/comments?post=5057"}],"version-history":[{"count":0,"href":"https:\/\/www.construcciotarragones.org\/es\/wp-json\/wp\/v2\/posts\/5057\/revisions"}],"wp:featuredmedia":[{"embeddable":true,"href":"https:\/\/www.construcciotarragones.org\/es\/wp-json\/wp\/v2\/media\/3812"}],"wp:attachment":[{"href":"https:\/\/www.construcciotarragones.org\/es\/wp-json\/wp\/v2\/media?parent=5057"}],"wp:term":[{"taxonomy":"category","embeddable":true,"href":"https:\/\/www.construcciotarragones.org\/es\/wp-json\/wp\/v2\/categories?post=5057"},{"taxonomy":"post_tag","embeddable":true,"href":"https:\/\/www.construcciotarragones.org\/es\/wp-json\/wp\/v2\/tags?post=5057"}],"curies":[{"name":"wp","href":"https:\/\/api.w.org\/{rel}","templated":true}]}}