{"id":5022,"date":"2022-05-29T10:34:51","date_gmt":"2022-05-29T10:34:51","guid":{"rendered":"https:\/\/construcciotarragones.pragmatacomunicacion.com\/el-gremi-de-la-construccio-del-tarragones-present-a-la-inauguracio-del-celler-de-vila-seca\/"},"modified":"2022-10-31T10:37:53","modified_gmt":"2022-10-31T10:37:53","slug":"el-gremi-de-la-construccio-del-tarragones-present-a-la-inauguracio-del-celler-de-vila-seca","status":"publish","type":"post","link":"https:\/\/www.construcciotarragones.org\/es\/el-gremi-de-la-construccio-del-tarragones-present-a-la-inauguracio-del-celler-de-vila-seca\/","title":{"rendered":"El Gremi de la Construcci\u00f3 del Tarragon\u00e8s, presente en la inauguraci\u00f3n del Celler de Vila-Seca"},"content":{"rendered":"<p><img decoding=\"async\" class=\"lazyload size-full wp-image-4817 aligncenter\" src=\"https:\/\/www.construcciotarragones.org\/wp-content\/uploads\/Captura-de-pantalla-2022-10-28-a-las-13.42.16.png\" data-orig-src=\"https:\/\/www.construcciotarragones.org\/wp-content\/uploads\/Captura-de-pantalla-2022-10-28-a-las-13.42.16.png\" alt=\"\" width=\"536\" height=\"486\" srcset=\"data:image\/svg+xml,%3Csvg%20xmlns%3D%27http%3A%2F%2Fwww.w3.org%2F2000%2Fsvg%27%20width%3D%27536%27%20height%3D%27486%27%20viewBox%3D%270%200%20536%20486%27%3E%3Crect%20width%3D%27536%27%20height%3D%27486%27%20fill-opacity%3D%220%22%2F%3E%3C%2Fsvg%3E\" data-srcset=\"https:\/\/www.construcciotarragones.org\/wp-content\/uploads\/Captura-de-pantalla-2022-10-28-a-las-13.42.16-200x181.png 200w, https:\/\/www.construcciotarragones.org\/wp-content\/uploads\/Captura-de-pantalla-2022-10-28-a-las-13.42.16-300x272.png 300w, https:\/\/www.construcciotarragones.org\/wp-content\/uploads\/Captura-de-pantalla-2022-10-28-a-las-13.42.16-400x363.png 400w, https:\/\/www.construcciotarragones.org\/wp-content\/uploads\/Captura-de-pantalla-2022-10-28-a-las-13.42.16.png 536w\" data-sizes=\"auto\" data-orig-sizes=\"(max-width: 536px) 100vw, 536px\" \/><\/p>\n<p>Durante el s\u00e1bado 28 de mayo, el presidente del <strong>Gremi de la Construcci\u00f3 del Tarragon\u00e8s<\/strong>, <strong>Joan Romeu<\/strong>, estuvo presente en la inauguraci\u00f3n del <strong>Celler Noucentista<\/strong> de Vila-Seca, considerado un Bien Cultural de Inter\u00e9s Local. Se trata de un edificio de gran importancia para el municipio que se encontraba en desuso de sus funciones habituales y que desde el a\u00f1o 2014 es propiedad municipal. El presidente de la Generalitat, Pere Aragon\u00e9s fue el encargado de inaugurar la magn\u00edfica instalaci\u00f3n, acompa\u00f1ado por el alcalde del municipio, Pere Segura.<\/p>\n<p>El Celler Noucentista, obra de Pere Dom\u00e8nech i Roura, hijo del arquitecto modernista Llu\u00eds Dom\u00e8nech i Montaner, inaugurado en 1920 mantiene la estructura original, pero sus naves ahora est\u00e1n lejos de su funcionalidad original para un municipio dedicado a la agricultura. Sin embargo, este poso hist\u00f3rico quedar\u00e1 musealizado en una de las salas colaterales de la nave principal, evocando el pasado de esta bodega levantada a principios del siglo XX.<\/p>\n<p>Despu\u00e9s de 20 meses de trabajo, la obra final pone en valor sobre todo el espacio arquitect\u00f3nico de la nave principal y abre la fachada posterior a un entorno ajardinado a trav\u00e9s de una caja esc\u00e9nica vidriada, que conecta con el Castillo de Vila-seca.<\/p>\n<p>El equipamiento cultural consta de un espacio esc\u00e9nico con capacidad para 517 espectadores sentados y cerca de un millar de pie, un espacio anexo auxiliar para oficinas, servicios y una caja esc\u00e9nica f\u00e1cilmente maniobrable. La superficie total del conjunto en el que se ha actuado es de 3.150 m2 y el presupuesto de toda la actuaci\u00f3n es de 8 millones de euros.<\/p>\n","protected":false},"excerpt":{"rendered":"<p>El president de la Generalitat, Pere Aragon\u00e9s, fue el encargado de inaugurar la magn\u00edfica instalaci\u00f3n, acompa\u00f1ado por el alcalde del municipio, Pere Segura.<\/p>\n","protected":false},"author":1,"featured_media":4818,"comment_status":"closed","ping_status":"closed","sticky":false,"template":"","format":"standard","meta":{"footnotes":""},"categories":[1],"tags":[],"class_list":["post-5022","post","type-post","status-publish","format-standard","has-post-thumbnail","hentry","category-gremi"],"_links":{"self":[{"href":"https:\/\/www.construcciotarragones.org\/es\/wp-json\/wp\/v2\/posts\/5022","targetHints":{"allow":["GET"]}}],"collection":[{"href":"https:\/\/www.construcciotarragones.org\/es\/wp-json\/wp\/v2\/posts"}],"about":[{"href":"https:\/\/www.construcciotarragones.org\/es\/wp-json\/wp\/v2\/types\/post"}],"author":[{"embeddable":true,"href":"https:\/\/www.construcciotarragones.org\/es\/wp-json\/wp\/v2\/users\/1"}],"replies":[{"embeddable":true,"href":"https:\/\/www.construcciotarragones.org\/es\/wp-json\/wp\/v2\/comments?post=5022"}],"version-history":[{"count":0,"href":"https:\/\/www.construcciotarragones.org\/es\/wp-json\/wp\/v2\/posts\/5022\/revisions"}],"wp:featuredmedia":[{"embeddable":true,"href":"https:\/\/www.construcciotarragones.org\/es\/wp-json\/wp\/v2\/media\/4818"}],"wp:attachment":[{"href":"https:\/\/www.construcciotarragones.org\/es\/wp-json\/wp\/v2\/media?parent=5022"}],"wp:term":[{"taxonomy":"category","embeddable":true,"href":"https:\/\/www.construcciotarragones.org\/es\/wp-json\/wp\/v2\/categories?post=5022"},{"taxonomy":"post_tag","embeddable":true,"href":"https:\/\/www.construcciotarragones.org\/es\/wp-json\/wp\/v2\/tags?post=5022"}],"curies":[{"name":"wp","href":"https:\/\/api.w.org\/{rel}","templated":true}]}}